{"pagina_total":7,"pagina_atual":1,"pagina_anterior":null,"pagina_proxima":2,"registro_total":63,"registro_atual":10,"registros":[{"id":252229,"competencia_ano":"2026","competencia_mes":"1","matricula":"187","nome":"JOSETH DO LIVRAMENTO AREIA","nascimento":"07\/02","instrucao":"SUPERIORCOMPLETO","nacionalidade":"BRASILEIRA","admissao_data":"01\/01\/2025","demissao_data":"","inss":"988.07","irrf":"2009.55","desconto":"0.00","admissao_ato":"","admissao_ato_data":"01\/01\/2025","demissao_ato":"","demissao_ato_data":"","concurso":"","salario":"0.00","maternidade":"0.00","abono":"0.00","gratificacao":"0.00","horaextra":"0.00","substituicao":"0.00","rescisao":"0.00","ferias":"0.00","decimoterceiro":"0.00","cargo":"VEREADOR","cargo_salario":"8700.00","cargo_padrao":"","regime":"ELEITO","jornada":"120:00","setor":"PRESIDENCIA","setor_sigla":"PR","profissao":"VEREADOR","profissao_salario":"8700.00","profissao_padrao":"","inicio_ferias":"","fim_ferias":"","extensaojornada":"0.00","total_descontos":"2997.62","total_rendimentos":"12354.44","beneficio":"0.00"},{"id":252230,"competencia_ano":"2026","competencia_mes":"1","matricula":"183","nome":"FRANCISCO DA ROCHA SOUSA","nascimento":"23\/04","instrucao":"SEGUNDOGRAU(COLEGIAL)COMPLETO","nacionalidade":"BRASILEIRA","admissao_data":"01\/01\/2025","demissao_data":"","inss":"988.07","irrf":"1575.28","desconto":"0.00","admissao_ato":"","admissao_ato_data":"01\/01\/2025","demissao_ato":"","demissao_ato_data":"","concurso":"","salario":"0.00","maternidade":"0.00","abono":"0.00","gratificacao":"0.00","horaextra":"0.00","substituicao":"0.00","rescisao":"0.00","ferias":"0.00","decimoterceiro":"0.00","cargo":"VEREADOR","cargo_salario":"7800.00","cargo_padrao":"","regime":"ELEITO","jornada":"120:00","setor":"GABINETE PARLAMENTAR","setor_sigla":"GP","profissao":"VEREADOR","profissao_salario":"7800.00","profissao_padrao":"","inicio_ferias":"","fim_ferias":"","extensaojornada":"0.00","total_descontos":"2563.35","total_rendimentos":"11154.44","beneficio":"0.00"},{"id":252231,"competencia_ano":"2026","competencia_mes":"1","matricula":"184","nome":"MAICON GOMES DE MORAES","nascimento":"18\/02","instrucao":"SEGUNDOGRAU(COLEGIAL)INCOMPLETO","nacionalidade":"BRASILEIRA","admissao_data":"01\/01\/2025","demissao_data":"","inss":"988.07","irrf":"1575.28","desconto":"2730.00","admissao_ato":"","admissao_ato_data":"01\/01\/2025","demissao_ato":"","demissao_ato_data":"","concurso":"","salario":"0.00","maternidade":"0.00","abono":"0.00","gratificacao":"0.00","horaextra":"0.00","substituicao":"0.00","rescisao":"0.00","ferias":"0.00","decimoterceiro":"0.00","cargo":"VEREADOR","cargo_salario":"7800.00","cargo_padrao":"","regime":"ELEITO","jornada":"120:00","setor":"GABINETE PARLAMENTAR","setor_sigla":"GP","profissao":"VEREADOR","profissao_salario":"7800.00","profissao_padrao":"","inicio_ferias":"","fim_ferias":"","extensaojornada":"0.00","total_descontos":"5293.35","total_rendimentos":"11154.44","beneficio":"0.00"},{"id":252232,"competencia_ano":"2026","competencia_mes":"1","matricula":"185","nome":"JOAO DOS SANTOS","nascimento":"06\/06","instrucao":"SEGUNDOGRAU(COLEGIAL)COMPLETO","nacionalidade":"BRASILEIRA","admissao_data":"01\/01\/2025","demissao_data":"","inss":"988.07","irrf":"1627.41","desconto":"2726.80","admissao_ato":"","admissao_ato_data":"01\/01\/2025","demissao_ato":"","demissao_ato_data":"","concurso":"","salario":"0.00","maternidade":"0.00","abono":"0.00","gratificacao":"0.00","horaextra":"0.00","substituicao":"0.00","rescisao":"0.00","ferias":"0.00","decimoterceiro":"0.00","cargo":"VEREADOR","cargo_salario":"7800.00","cargo_padrao":"","regime":"ELEITO","jornada":"120:00","setor":"GABINETE PARLAMENTAR","setor_sigla":"GP","profissao":"VEREADOR","profissao_salario":"7800.00","profissao_padrao":"","inicio_ferias":"","fim_ferias":"","extensaojornada":"0.00","total_descontos":"5342.28","total_rendimentos":"11154.44","beneficio":"0.00"},{"id":252233,"competencia_ano":"2026","competencia_mes":"1","matricula":"186","nome":"JOSE MARIA RAFALSKI","nascimento":"05\/06","instrucao":"SEGUNDOGRAU(COLEGIAL)COMPLETO","nacionalidade":"BRASILEIRA","admissao_data":"01\/01\/2025","demissao_data":"","inss":"988.07","irrf":"1627.41","desconto":"414.16","admissao_ato":"","admissao_ato_data":"01\/01\/2025","demissao_ato":"","demissao_ato_data":"","concurso":"","salario":"0.00","maternidade":"0.00","abono":"0.00","gratificacao":"0.00","horaextra":"0.00","substituicao":"0.00","rescisao":"0.00","ferias":"0.00","decimoterceiro":"0.00","cargo":"VEREADOR","cargo_salario":"7800.00","cargo_padrao":"","regime":"ELEITO","jornada":"120:00","setor":"GABINETE PARLAMENTAR","setor_sigla":"GP","profissao":"VEREADOR","profissao_salario":"7800.00","profissao_padrao":"","inicio_ferias":"","fim_ferias":"","extensaojornada":"0.00","total_descontos":"3029.64","total_rendimentos":"11154.44","beneficio":"0.00"},{"id":252234,"competencia_ano":"2026","competencia_mes":"1","matricula":"188","nome":"RONALDO ADRIANO DOS REIS SANTOS","nascimento":"03\/10","instrucao":"SEGUNDOGRAU(COLEGIAL)COMPLETO","nacionalidade":"BRASILEIRA","admissao_data":"01\/01\/2025","demissao_data":"","inss":"988.07","irrf":"1627.41","desconto":"2729.19","admissao_ato":"","admissao_ato_data":"01\/01\/2025","demissao_ato":"","demissao_ato_data":"","concurso":"","salario":"0.00","maternidade":"0.00","abono":"0.00","gratificacao":"0.00","horaextra":"0.00","substituicao":"0.00","rescisao":"0.00","ferias":"0.00","decimoterceiro":"0.00","cargo":"VEREADOR","cargo_salario":"7800.00","cargo_padrao":"","regime":"ELEITO","jornada":"120:00","setor":"GABINETE PARLAMENTAR","setor_sigla":"GP","profissao":"VEREADOR","profissao_salario":"7800.00","profissao_padrao":"","inicio_ferias":"","fim_ferias":"","extensaojornada":"0.00","total_descontos":"5344.67","total_rendimentos":"11154.44","beneficio":"0.00"},{"id":252235,"competencia_ano":"2026","competencia_mes":"1","matricula":"189","nome":"SHEILA FARIA DOS SANTOS","nascimento":"05\/02","instrucao":"SEGUNDOGRAU(COLEGIAL)COMPLETO","nacionalidade":"BRASILEIRA","admissao_data":"01\/01\/2025","demissao_data":"","inss":"988.07","irrf":"1575.28","desconto":"0.00","admissao_ato":"","admissao_ato_data":"01\/01\/2025","demissao_ato":"","demissao_ato_data":"","concurso":"","salario":"0.00","maternidade":"0.00","abono":"0.00","gratificacao":"0.00","horaextra":"0.00","substituicao":"0.00","rescisao":"0.00","ferias":"0.00","decimoterceiro":"0.00","cargo":"VEREADOR","cargo_salario":"7800.00","cargo_padrao":"","regime":"ELEITO","jornada":"120:00","setor":"GABINETE PARLAMENTAR","setor_sigla":"GP","profissao":"VEREADOR","profissao_salario":"7800.00","profissao_padrao":"","inicio_ferias":"","fim_ferias":"","extensaojornada":"0.00","total_descontos":"2563.35","total_rendimentos":"11154.44","beneficio":"0.00"},{"id":252236,"competencia_ano":"2026","competencia_mes":"1","matricula":"190","nome":"UARLEY BARBOSA GONCALVES","nascimento":"11\/08","instrucao":"SEGUNDOGRAU(COLEGIAL)COMPLETO","nacionalidade":"BRASILEIRA","admissao_data":"01\/01\/2025","demissao_data":"","inss":"988.07","irrf":"1523.14","desconto":"0.00","admissao_ato":"","admissao_ato_data":"01\/01\/2025","demissao_ato":"","demissao_ato_data":"","concurso":"","salario":"0.00","maternidade":"0.00","abono":"0.00","gratificacao":"0.00","horaextra":"0.00","substituicao":"0.00","rescisao":"0.00","ferias":"0.00","decimoterceiro":"0.00","cargo":"VEREADOR","cargo_salario":"7800.00","cargo_padrao":"","regime":"ELEITO","jornada":"120:00","setor":"GABINETE PARLAMENTAR","setor_sigla":"GP","profissao":"VEREADOR","profissao_salario":"7800.00","profissao_padrao":"","inicio_ferias":"","fim_ferias":"","extensaojornada":"0.00","total_descontos":"2511.21","total_rendimentos":"11154.44","beneficio":"0.00"},{"id":252237,"competencia_ano":"2026","competencia_mes":"1","matricula":"191","nome":"WEVERTON MATTUSOCH FILGUEIRA","nascimento":"27\/07","instrucao":"SEGUNDOGRAU(COLEGIAL)COMPLETO","nacionalidade":"BRASILEIRA","admissao_data":"01\/01\/2025","demissao_data":"","inss":"988.07","irrf":"1575.28","desconto":"2002.93","admissao_ato":"","admissao_ato_data":"01\/01\/2025","demissao_ato":"","demissao_ato_data":"","concurso":"","salario":"0.00","maternidade":"0.00","abono":"0.00","gratificacao":"0.00","horaextra":"0.00","substituicao":"0.00","rescisao":"0.00","ferias":"0.00","decimoterceiro":"0.00","cargo":"VEREADOR","cargo_salario":"7800.00","cargo_padrao":"","regime":"ELEITO","jornada":"120:00","setor":"GABINETE PARLAMENTAR","setor_sigla":"GP","profissao":"VEREADOR","profissao_salario":"7800.00","profissao_padrao":"","inicio_ferias":"","fim_ferias":"","extensaojornada":"0.00","total_descontos":"4566.28","total_rendimentos":"11154.44","beneficio":"0.00"},{"id":252238,"competencia_ano":"2026","competencia_mes":"1","matricula":"192","nome":"SIMONY CALIMAN","nascimento":"26\/06","instrucao":"SUPERIORCOMPLETO","nacionalidade":"BRASILEIRA","admissao_data":"18\/02\/2025","demissao_data":"","inss":"501.50","irrf":"0.00","desconto":"0.00","admissao_ato":"Portaria","admissao_ato_data":"18\/02\/2025","demissao_ato":"","demissao_ato_data":"","concurso":"","salario":"5000.00","maternidade":"0.00","abono":"0.00","gratificacao":"0.00","horaextra":"0.00","substituicao":"0.00","rescisao":"0.00","ferias":"0.00","decimoterceiro":"0.00","cargo":"CHEFE DE GABINETE DA PRESIDENCIA","cargo_salario":"5000.00","cargo_padrao":"CC-L-1","regime":"ESTATUTARIO   COMISSIONADO   CHEFIA","jornada":"120:00","setor":"PRESIDENCIA","setor_sigla":"PR","profissao":"CHEFE DE GABINETE DA PRESIDENCIA","profissao_salario":"5000.00","profissao_padrao":"CC-L-1","inicio_ferias":"","fim_ferias":"","extensaojornada":"0.00","total_descontos":"501.50","total_rendimentos":"5754.44","beneficio":"0.00"}],"erros":["O par\u00e2metro 'type' deve ser json ou xml!","O par\u00e2metro 'page_size' deve estar entre 1 e 100!"],"entidades":[{"documento":"36349041000135","nome":"C\u00c2MARA MUNICIPAL DE BOA ESPERAN\u00c7A"}],"status":[{"id":1,"nome":"Ativo"},{"id":2,"nome":"Desligado"},{"id":100,"nome":"Todos"}],"regimes":[{"id":3775,"nome":"CONTRATADO"},{"id":1,"nome":"ELEITO"},{"id":3781,"nome":"ELEITO"},{"id":3,"nome":"ESTATUTARIO   COMISSIONADO   ASSESSORAMENTO"},{"id":10,"nome":"ESTATUTARIO   COMISSIONADO   CHEFIA"},{"id":2,"nome":"ESTATUTARIO   EFETIVO"},{"id":4,"nome":"ESTATUT\u00c1RIO - CEDIDO"},{"id":3778,"nome":"ESTATUT\u00c1RIO - CEDIDO"},{"id":3783,"nome":"ESTATUT\u00c1RIO - COMISSIONADO - A"},{"id":3777,"nome":"ESTATUT\u00c1RIO - COMISSIONADO - ASSESSORAMENTO"},{"id":9,"nome":"ESTATUT\u00c1RIO - COMISSIONADO - D"},{"id":3779,"nome":"ESTATUT\u00c1RIO - COMISSIONADO - D"},{"id":3776,"nome":"ESTATUT\u00c1RIO - COMISSIONADO - DIRE\u00c7\u00c3O"},{"id":3780,"nome":"ESTATUT\u00c1RIO - EFETIVO"}],"cargos":[{"id":70,"nome":"ESTATUTARIO   COMISSIONADO   ASSESSORAMENTO"},{"id":71,"nome":"ESTATUTARIO   COMISSIONADO   ASSESSORAMENTO"},{"id":24,"nome":"ESTATUTARIO   COMISSIONADO   ASSESSORAMENTO"},{"id":63,"nome":"ESTATUTARIO   EFETIVO"},{"id":64,"nome":"ESTATUTARIO   EFETIVO"},{"id":69,"nome":"ESTATUTARIO   COMISSIONADO   CHEFIA"},{"id":22,"nome":"ESTATUTARIO   EFETIVO"},{"id":74,"nome":"ESTATUTARIO   EFETIVO"},{"id":73,"nome":"ESTATUTARIO   EFETIVO"},{"id":66,"nome":"ESTATUTARIO   EFETIVO"},{"id":67,"nome":"ESTATUTARIO   EFETIVO"},{"id":1,"nome":"ELEITO"},{"id":61,"nome":""},{"id":62,"nome":""},{"id":50,"nome":""},{"id":51,"nome":""},{"id":68,"nome":""},{"id":47,"nome":""},{"id":48,"nome":""},{"id":2,"nome":""},{"id":7,"nome":""},{"id":4,"nome":""},{"id":5,"nome":""},{"id":49,"nome":""},{"id":9,"nome":""},{"id":21,"nome":""},{"id":23,"nome":""},{"id":10,"nome":""},{"id":65,"nome":""}]}